{"id":13716,"date":"2026-03-06T11:00:00","date_gmt":"2026-03-06T10:00:00","guid":{"rendered":"https:\/\/z-7.ch\/?p=13716"},"modified":"2026-03-04T09:41:58","modified_gmt":"2026-03-04T08:41:58","slug":"eric-steckel-apporte-toute-la-puissance-du-blues-rock-avec-son-nouvel-album","status":"publish","type":"post","link":"https:\/\/z-7.ch\/fr\/eric-steckel-apporte-toute-la-puissance-du-blues-rock-avec-son-nouvel-album\/","title":{"rendered":"Eric Steckel apporte toute la puissance du blues rock avec son nouvel album"},"content":{"rendered":"\n<figure class=\"wp-block-image size-full\"><img decoding=\"async\" width=\"1920\" height=\"1080\" src=\"https:\/\/z-7.ch\/wp-content\/uploads\/2026\/04\/260925_Eric-Steckel_Press_1920x1080-2.jpg\" alt=\"\" class=\"wp-image-15025\" srcset=\"https:\/\/z-7.ch\/wp-content\/uploads\/2026\/04\/260925_Eric-Steckel_Press_1920x1080-2.jpg 1920w, https:\/\/z-7.ch\/wp-content\/uploads\/2026\/04\/260925_Eric-Steckel_Press_1920x1080-2-300x169.jpg 300w, https:\/\/z-7.ch\/wp-content\/uploads\/2026\/04\/260925_Eric-Steckel_Press_1920x1080-2-1024x576.jpg 1024w, https:\/\/z-7.ch\/wp-content\/uploads\/2026\/04\/260925_Eric-Steckel_Press_1920x1080-2-768x432.jpg 768w, https:\/\/z-7.ch\/wp-content\/uploads\/2026\/04\/260925_Eric-Steckel_Press_1920x1080-2-640x360.jpg 640w, https:\/\/z-7.ch\/wp-content\/uploads\/2026\/04\/260925_Eric-Steckel_Press_1920x1080-2-600x338.jpg 600w\" sizes=\"(max-width: 800px) 100vw, 800px\" \/><\/figure>\n\n<p>Le virtuose am\u00e9ricain de la guitare revient au Z7 avec son nouvel album Sandstorm dans le cadre de la World Tour 2026. Les fans peuvent s\u2019attendre \u00e0 des riffs explosifs, des solos intenses et un concert survolt\u00e9 d\u00e9bordant de puissance blues et hard rock. <\/p>\n\n<div class=\"wp-block-buttons is-layout-flex wp-block-buttons-is-layout-flex\">\n<div class=\"wp-block-button\"><a class=\"wp-block-button__link wp-element-button\" href=\"https:\/\/z-7.ch\/event\/eric-steckel-2026\/\">Vers l&rsquo;\u00e9v\u00e9nement<\/a><\/div>\n<\/div>\n\n<p><\/p>\n","protected":false},"excerpt":{"rendered":"<p>Le virtuose am\u00e9ricain de la guitare revient au Z7 avec son nouvel album Sandstorm dans le cadre de la World&hellip;<\/p>\n","protected":false},"author":2,"featured_media":15008,"comment_status":"closed","ping_status":"closed","sticky":false,"template":"","format":"standard","meta":{"_acf_changed":false,"footnotes":""},"categories":[76],"tags":[],"class_list":["post-13716","post","type-post","status-publish","format-standard","has-post-thumbnail","hentry","category-non-categorise"],"acf":[],"_links":{"self":[{"href":"https:\/\/z-7.ch\/fr\/wp-json\/wp\/v2\/posts\/13716","targetHints":{"allow":["GET"]}}],"collection":[{"href":"https:\/\/z-7.ch\/fr\/wp-json\/wp\/v2\/posts"}],"about":[{"href":"https:\/\/z-7.ch\/fr\/wp-json\/wp\/v2\/types\/post"}],"author":[{"embeddable":true,"href":"https:\/\/z-7.ch\/fr\/wp-json\/wp\/v2\/users\/2"}],"replies":[{"embeddable":true,"href":"https:\/\/z-7.ch\/fr\/wp-json\/wp\/v2\/comments?post=13716"}],"version-history":[{"count":2,"href":"https:\/\/z-7.ch\/fr\/wp-json\/wp\/v2\/posts\/13716\/revisions"}],"predecessor-version":[{"id":15030,"href":"https:\/\/z-7.ch\/fr\/wp-json\/wp\/v2\/posts\/13716\/revisions\/15030"}],"wp:featuredmedia":[{"embeddable":true,"href":"https:\/\/z-7.ch\/fr\/wp-json\/wp\/v2\/media\/15008"}],"wp:attachment":[{"href":"https:\/\/z-7.ch\/fr\/wp-json\/wp\/v2\/media?parent=13716"}],"wp:term":[{"taxonomy":"category","embeddable":true,"href":"https:\/\/z-7.ch\/fr\/wp-json\/wp\/v2\/categories?post=13716"},{"taxonomy":"post_tag","embeddable":true,"href":"https:\/\/z-7.ch\/fr\/wp-json\/wp\/v2\/tags?post=13716"}],"curies":[{"name":"wp","href":"https:\/\/api.w.org\/{rel}","templated":true}]}}