{"id":48803,"date":"2026-09-02T13:00:43","date_gmt":"2026-09-02T11:00:43","guid":{"rendered":"https:\/\/z-7.ch\/?p=48803"},"modified":"2026-09-02T13:00:48","modified_gmt":"2026-09-02T11:00:48","slug":"persefone-en-premiere-partie-de-delain","status":"publish","type":"post","link":"https:\/\/z-7.ch\/fr\/persefone-en-premiere-partie-de-delain\/","title":{"rendered":"Persefone en premi\u00e8re partie de Delain"},"content":{"rendered":"\n<figure class=\"wp-block-image size-full\"><img decoding=\"async\" width=\"1080\" height=\"1080\" src=\"https:\/\/z-7.ch\/wp-content\/uploads\/2026\/09\/270207_Persefone_Press_1080x1080.jpg\" alt=\"\" class=\"wp-image-48790\" srcset=\"https:\/\/z-7.ch\/wp-content\/uploads\/2026\/09\/270207_Persefone_Press_1080x1080.jpg 1080w, https:\/\/z-7.ch\/wp-content\/uploads\/2026\/09\/270207_Persefone_Press_1080x1080-300x300.jpg 300w, https:\/\/z-7.ch\/wp-content\/uploads\/2026\/09\/270207_Persefone_Press_1080x1080-1024x1024.jpg 1024w, https:\/\/z-7.ch\/wp-content\/uploads\/2026\/09\/270207_Persefone_Press_1080x1080-150x150.jpg 150w, https:\/\/z-7.ch\/wp-content\/uploads\/2026\/09\/270207_Persefone_Press_1080x1080-768x768.jpg 768w, https:\/\/z-7.ch\/wp-content\/uploads\/2026\/09\/270207_Persefone_Press_1080x1080-600x600.jpg 600w, https:\/\/z-7.ch\/wp-content\/uploads\/2026\/09\/270207_Persefone_Press_1080x1080-100x100.jpg 100w\" sizes=\"(max-width: 800px) 100vw, 800px\" \/><\/figure>\n\n<p class=\"wp-block-paragraph\">Persefone, l\u2019un des groupes de metal progressif les plus passionnants d\u2019Europe, sera au Z7 le 7 f\u00e9vrier. Les Andorrans ouvriront la soir\u00e9e avec leur m\u00e9lange explosif de virtuosit\u00e9 technique, de melodic death metal et de paysages sonores grandioses \u2013 avant de laisser la sc\u00e8ne \u00e0 DELAIN feat. Marko Hietala avec le special guest Infected Rain.  <\/p>\n\n<div class=\"wp-block-buttons is-layout-flex wp-block-buttons-is-layout-flex\">\n<div class=\"wp-block-button\"><a class=\"wp-block-button__link wp-element-button\" href=\"https:\/\/z-7.ch\/event\/delain-2027\/\">Vers l&rsquo;\u00e9v\u00e9nement<\/a><\/div>\n<\/div>\n\n<p class=\"wp-block-paragraph\"><\/p>\n","protected":false},"excerpt":{"rendered":"<p>Persefone, l\u2019un des groupes de metal progressif les plus passionnants d\u2019Europe, sera au Z7 le 7 f\u00e9vrier. Les Andorrans ouvriront&hellip;<\/p>\n","protected":false},"author":2,"featured_media":48792,"comment_status":"closed","ping_status":"closed","sticky":false,"template":"","format":"standard","meta":{"_acf_changed":false,"footnotes":""},"categories":[76],"tags":[],"class_list":["post-48803","post","type-post","status-publish","format-standard","has-post-thumbnail","hentry","category-non-categorise"],"acf":[],"_links":{"self":[{"href":"https:\/\/z-7.ch\/fr\/wp-json\/wp\/v2\/posts\/48803","targetHints":{"allow":["GET"]}}],"collection":[{"href":"https:\/\/z-7.ch\/fr\/wp-json\/wp\/v2\/posts"}],"about":[{"href":"https:\/\/z-7.ch\/fr\/wp-json\/wp\/v2\/types\/post"}],"author":[{"embeddable":true,"href":"https:\/\/z-7.ch\/fr\/wp-json\/wp\/v2\/users\/2"}],"replies":[{"embeddable":true,"href":"https:\/\/z-7.ch\/fr\/wp-json\/wp\/v2\/comments?post=48803"}],"version-history":[{"count":2,"href":"https:\/\/z-7.ch\/fr\/wp-json\/wp\/v2\/posts\/48803\/revisions"}],"predecessor-version":[{"id":48806,"href":"https:\/\/z-7.ch\/fr\/wp-json\/wp\/v2\/posts\/48803\/revisions\/48806"}],"wp:featuredmedia":[{"embeddable":true,"href":"https:\/\/z-7.ch\/fr\/wp-json\/wp\/v2\/media\/48792"}],"wp:attachment":[{"href":"https:\/\/z-7.ch\/fr\/wp-json\/wp\/v2\/media?parent=48803"}],"wp:term":[{"taxonomy":"category","embeddable":true,"href":"https:\/\/z-7.ch\/fr\/wp-json\/wp\/v2\/categories?post=48803"},{"taxonomy":"post_tag","embeddable":true,"href":"https:\/\/z-7.ch\/fr\/wp-json\/wp\/v2\/tags?post=48803"}],"curies":[{"name":"wp","href":"https:\/\/api.w.org\/{rel}","templated":true}]}}